{"id":718422,"date":"2024-07-15T09:00:42","date_gmt":"2024-07-15T14:00:42","guid":{"rendered":"https:\/\/www.spscommerce.com\/?p=718422"},"modified":"2025-07-09T07:40:27","modified_gmt":"2025-07-09T12:40:27","slug":"lavenir-de-la-facturation-electronique-en-autriche","status":"publish","type":"post","link":"https:\/\/www.spscommerce.com\/fr\/blog\/lavenir-de-la-facturation-electronique-en-autriche\/","title":{"rendered":"L&#8217;avenir de la facturation \u00e9lectronique en Autriche"},"content":{"rendered":"<p lang=\"DE-DE\" role=\"heading\" xml:lang=\"DE-DE\" aria-level=\"2\">La digitalisation modifie le quotidien des entreprises en Autriche. Un \u00e9l\u00e9ment central de cette transformation est la facture \u00e9lectronique, qui remplace l&#8217;\u00e9change de factures sur papier et offre de nombreux avantages tant pour les entreprises que pour les pouvoirs publics.<\/p>\n<h2 lang=\"DE-DE\" role=\"heading\" xml:lang=\"DE-DE\" aria-level=\"2\">La facturation \u00e9lectronique est-elle possible en Autriche ?<\/h2>\n<p lang=\"DE-DE\" xml:lang=\"DE-DE\">La r\u00e9ponse courte est oui.<br \/>\nUn certain nombre de processus politiques et \u00e9conomiques en Europe influencent \u00e9galement la facturation autrichienne. Examinons-en quelques-uns.<\/p>\n<h3 lang=\"DE-DE\" role=\"heading\" xml:lang=\"DE-DE\" aria-level=\"3\">Mandat de facturation \u00e9lectronique B2B en Allemagne<\/h3>\n<p lang=\"DE-DE\" xml:lang=\"DE-DE\"><a href=\"https:\/\/www.spscommerce.com\/fr\/blog\/la-facturation-electronique-en-allemagne-obligation-des-2025\/\" data-cke-saved-href=\"https:\/\/tiekinetix.com\/fr\/blog\/la-facturation-electronique-en-allemagne-obligation-des-2025\">La facturation \u00e9lectronique B2B sera obligatoire en Allemagne \u00e0 partir de 2025<\/a>. Le gouvernement a \u00e9labor\u00e9 des r\u00e8gles transitoires pour les entreprises. Selon cette r\u00e9glementation, il est important que les factures \u00e9lectroniques puissent \u00eatre re\u00e7ues \u00e0 partir de 2025. Bien s\u00fbr, il y aura toujours des entreprises qui ne seront pas press\u00e9es d&#8217;introduire une solution pour ce faire. Pour les entreprises allemandes, cependant, le passage \u00e0 la facturation \u00e9lectronique est crucial et nombre d&#8217;entre elles souhaitent investir dans une solution \u00e0 long terme.<\/p>\n<p lang=\"DE-DE\" xml:lang=\"DE-DE\">Les entreprises autrichiennes qui ont des partenaires commerciaux allemands devraient commencer \u00e0 r\u00e9fl\u00e9chir d\u00e8s maintenant \u00e0 la mani\u00e8re dont elles pourront mettre en place un \u00e9change de factures l\u00e9galement conforme pour l&#8217;Allemagne et l&#8217;Autriche \u00e0 partir de 2025.<\/p>\n<h3 lang=\"DE-DE\" role=\"heading\" xml:lang=\"DE-DE\" aria-level=\"3\">La TVA \u00e0 l&#8217;\u00e8re du num\u00e9rique (ViDA)<\/h3>\n<p lang=\"DE-DE\" xml:lang=\"DE-DE\"><a href=\"https:\/\/www.spscommerce.com\/fr\/blog\/dernieres-actus-a-propos-de-vida-la-tva-a-lere-du-numerique\/\" data-cke-saved-href=\"https:\/\/tiekinetix.com\/fr\/blog\/quest-ce-que-vida-questions-frequentes-sur-la-tva-lere-du-numerique\">ViDA est un paquet l\u00e9gislatif<\/a> propos\u00e9 par la Commission europ\u00e9enne pour moderniser le syst\u00e8me de TVA \u00e0 l&#8217;\u00e8re du num\u00e9rique. Il s&#8217;attaque au d\u00e9fi majeur de la fraude \u00e0 la TVA en permettant la facturation \u00e9lectronique, la d\u00e9claration \u00e9lectronique et la visibilit\u00e9 en temps r\u00e9el des transactions. Selon la ViDA, tous les \u00c9tats membres de l&#8217;UE doivent introduire l\u2019obligation de la facturation \u00e9lectronique \u00e0 partir de 2030.<\/p>\n<h3 role=\"heading\" aria-level=\"3\">Obligation de d\u00e9claration \u00e9lectronique (DRR)<\/h3>\n<p lang=\"DE-DE\" xml:lang=\"DE-DE\">La <a href=\"https:\/\/kpmg.com\/ch\/en\/insights\/taxes\/vat-digital-age-drrs-e-invoicing.html\" data-cke-saved-href=\"https:\/\/kpmg.com\/ch\/en\/insights\/taxes\/vat-digital-age-drrs-e-invoicing.html\">DRR<\/a> est l&#8217;obligation pour les assujettis \u00e0 la TVA de soumettre r\u00e9guli\u00e8rement ou continuellement aux autorit\u00e9s fiscales des donn\u00e9es sur toutes (ou la plupart) de leurs transactions sous forme \u00e9lectronique, y compris la facturation \u00e9lectronique obligatoire. La DRR peut \u00eatre divis\u00e9e en contr\u00f4les p\u00e9riodiques des transactions (par exemple <a href=\"https:\/\/www.spscommerce.com\/fr\/blog\/quest-ce-que-le-standard-saf-t-et-ou-est-il-utilise-en-europe\/\" data-cke-saved-href=\"https:\/\/tiekinetix.com\/fr\/blog\/quest-ce-que-le-standard-saf-t-et-ou-est-il-utilise-en-europe\">SAF-T<\/a>) ou en contr\u00f4les continus des transactions (par exemple la d\u00e9claration en temps r\u00e9el ou la facturation \u00e9lectronique obligatoire).<\/p>\n<p>L&#8217;Union Europ\u00e9enne fait avancer l&#8217;harmonisation de la facturation \u00e9lectronique avec l&#8217;exigence de d\u00e9claration \u00e9lectronique (DRR). Les objectifs du DRR sont les suivants :<\/p>\n<ul role=\"list\">\n<li role=\"listitem\" aria-setsize=\"-1\" data-aria-level=\"1\" data-aria-posinset=\"1\" data-font=\"Symbol\" data-leveltext=\"\uf0b7\" data-list-defn-props=\"{&quot;335552541&quot;:1,&quot;335559683&quot;:0,&quot;335559684&quot;:-2,&quot;335559685&quot;:720,&quot;335559991&quot;:360,&quot;469769226&quot;:&quot;Symbol&quot;,&quot;469769242&quot;:[8226],&quot;469777803&quot;:&quot;left&quot;,&quot;469777804&quot;:&quot;\uf0b7&quot;,&quot;469777815&quot;:&quot;hybridMultilevel&quot;}\" data-listid=\"1\">\u00c0 l&#8217;heure actuelle, les diff\u00e9rentes r\u00e8gles de TVA en vigueur dans chaque pays de l&#8217;UE peuvent constituer un v\u00e9ritable casse-t\u00eate pour les entreprises. L&#8217;UE souhaite cr\u00e9er un ensemble unique de r\u00e8gles afin qu\u2019elles soient plus faciles \u00e0 comprendre et \u00e0 suivre.<\/li>\n<\/ul>\n<ul role=\"list\">\n<li role=\"listitem\" aria-setsize=\"-1\" data-aria-level=\"1\" data-aria-posinset=\"2\" data-font=\"Symbol\" data-leveltext=\"\uf0b7\" data-list-defn-props=\"{&quot;335552541&quot;:1,&quot;335559683&quot;:0,&quot;335559684&quot;:-2,&quot;335559685&quot;:720,&quot;335559991&quot;:360,&quot;469769226&quot;:&quot;Symbol&quot;,&quot;469769242&quot;:[8226],&quot;469777803&quot;:&quot;left&quot;,&quot;469777804&quot;:&quot;\uf0b7&quot;,&quot;469777815&quot;:&quot;hybridMultilevel&quot;}\" data-listid=\"1\">Pour lutter contre la fraude \u00e0 la TVA, l&#8217;\u00e9tat r\u00e9capitulatif sera remplac\u00e9 par un nouveau syst\u00e8me. Ce nouveau syst\u00e8me obligera les entreprises et leurs repr\u00e9sentants \u00e0 envoyer les d\u00e9tails des transactions directement aux autorit\u00e9s fiscales dans les deux jours suivant la facturation.<\/li>\n<\/ul>\n<ul role=\"list\">\n<li role=\"listitem\" aria-setsize=\"-1\" data-aria-level=\"1\" data-aria-posinset=\"3\" data-font=\"Symbol\" data-leveltext=\"\uf0b7\" data-list-defn-props=\"{&quot;335552541&quot;:1,&quot;335559683&quot;:0,&quot;335559684&quot;:-2,&quot;335559685&quot;:720,&quot;335559991&quot;:360,&quot;469769226&quot;:&quot;Symbol&quot;,&quot;469769242&quot;:[8226],&quot;469777803&quot;:&quot;left&quot;,&quot;469777804&quot;:&quot;\uf0b7&quot;,&quot;469777815&quot;:&quot;hybridMultilevel&quot;}\" data-listid=\"1\">Afin d&#8217;\u00e9conomiser l&#8217;argent des entreprises et d&#8217;encourager les processus \u00e9lectroniques, les factures \u00e9lectroniques deviendront obligatoires, conform\u00e9ment aux normes de l&#8217;UE.<\/li>\n<\/ul>\n<h2 role=\"heading\" aria-level=\"2\">Situation actuelle de la facturation \u00e9lectronique en Autriche<\/h2>\n<p lang=\"DE-DE\" xml:lang=\"DE-DE\"><a href=\"https:\/\/www.spscommerce.com\/fr\/blog\/la-facturation-electronique-en-autriche\/\" data-cke-saved-href=\"https:\/\/tiekinetix.com\/fr\/blog\/la-facturation-electronique-en-autriche\">En Autriche, la facturation \u00e9lectronique est d\u00e9j\u00e0 largement r\u00e9pandue dans le secteur public (B2G)<\/a>. Depuis 2020, les clients du publics doivent recevoir et traiter les factures par voie \u00e9lectronique.<\/p>\n<p lang=\"DE-DE\" xml:lang=\"DE-DE\">Dans le secteur B2B, en revanche, l&#8217;utilisation de la facturation \u00e9lectronique reste sur la base du volontariat. Actuellement, les factures au format PDF transmises par courrier \u00e9lectronique sont les plus r\u00e9pandues. Les entreprises peuvent profiter des avantages de la facturation \u00e9lectronique en concluant des accords avec leurs partenaires commerciaux. Selon l&#8217;article 11 (2) de l&#8217;UStG, &#8220;une facture \u00e9lectronique est \u00e9galement consid\u00e9r\u00e9e comme une facture si le destinataire a accept\u00e9 ce type de facturation&#8221;. C&#8217;est la raison pour laquelle les factures \u00e9lectroniques sont actuellement moins utilis\u00e9es en Autriche.<\/p>\n<p lang=\"DE-DE\" xml:lang=\"DE-DE\">Dans le secteur B2C, en revanche, il n&#8217;existe actuellement aucune obligation d&#8217;\u00e9mettre des factures par voie \u00e9lectronique.<\/p>\n<h2 lang=\"DE-DE\" role=\"heading\" xml:lang=\"DE-DE\" aria-level=\"2\">Quel est l&#8217;avenir de la facturation \u00e9lectronique en Autriche ?<\/h2>\n<p lang=\"DE-DE\" xml:lang=\"DE-DE\">En raison de la situation politique, la question de la facturation \u00e9lectronique a fait l&#8217;objet de nombreuses discussions en Autriche. Il est clair que les entreprises autrichiennes devront \u00e0 l&#8217;avenir se conformer aux futures r\u00e8gles de ViDA. Dans l&#8217;Union europ\u00e9enne, deux mod\u00e8les de facturation \u00e9lectronique avec obligation de d\u00e9claration sont particuli\u00e8rement pertinents :<\/p>\n<p lang=\"DE-DE\" xml:lang=\"DE-DE\"><strong>Le mod\u00e8le italien\u00a0: <\/strong><a href=\"https:\/\/www.spscommerce.com\/fr\/blog\/la-facturation-electronique-en-italie\/\" data-cke-saved-href=\"https:\/\/tiekinetix.com\/fr\/blog\/la-facturation-electronique-en-italie\">En Italie<\/a>, toutes les factures \u00e9lectroniques doivent \u00eatre transmises \u00e0 une plateforme CTC centrale (mod\u00e8le en V).<\/p>\n<p lang=\"DE-DE\" xml:lang=\"DE-DE\"><strong>Le mod\u00e8le fran\u00e7ais\u00a0:<\/strong> <a href=\"https:\/\/www.spscommerce.com\/fr\/blog\/la-facturation-electronique-en-france\/\" data-cke-saved-href=\"https:\/\/tiekinetix.com\/fr\/blog\/la-facturation-electronique-en-france\">En France<\/a>, comme en Allemagne, il existe un \u00e9change d\u00e9centralis\u00e9 avec validation et d\u00e9claration par l&#8217;interm\u00e9diaire de prestataires de services certifi\u00e9s.<\/p>\n<p lang=\"DE-DE\" xml:lang=\"DE-DE\">Le choix du mod\u00e8le autrichien n&#8217;est pas encore d\u00e9finitif. Toutefois, le potentiel du mod\u00e8le fran\u00e7ais en Autriche est plus important.<\/p>\n<h2 role=\"heading\" aria-level=\"2\">Pr\u00e9parez votre entreprise \u00e0 la facturation \u00e9lectronique<\/h2>\n<p lang=\"DE-DE\" xml:lang=\"DE-DE\">La facturation \u00e9lectronique obligatoire en Autriche approche. Votre entreprise est-elle pr\u00eate pour l&#8217;avenir \u00e9lectronique ? Ne ratez pas le coche et \u00e9quipez-vous d\u00e8s maintenant de la bonne solution de facturation \u00e9lectronique !<\/p>\n<p lang=\"DE-DE\" xml:lang=\"DE-DE\">SPS Commerce est un membre actif d&#8217;importantes associations industrielles telles que <a href=\"https:\/\/www.gena.net\/\" data-cke-saved-href=\"https:\/\/www.gena.net\/\">GENA\/EESPA<\/a> (European Association of E-Invoicing Service Providers), <a href=\"https:\/\/www.verband-e-rechnung.org\/\" data-cke-saved-href=\"https:\/\/www.verband-e-rechnung.org\/\">VeR<\/a> (Electronic Invoicing Association), <a href=\"https:\/\/www.spscommerce.com\/fr\/blog\/comment-peppol-peut-il-aider-votre-entreprise-guide-de-la-facturation-electronique-partie-1\/\" data-cke-saved-href=\"https:\/\/tiekinetix.com\/fr\/blog\/comment-peppol-peut-il-aider-votre-entreprise-guide-de-la-facturation-electronique-partie-1\">Peppol<\/a> et d&#8217;autres organisations qui s&#8217;engagent \u00e0 assurer un processus de facturation \u00e9lectronique s\u00e9curis\u00e9 et conforme. Nos solutions sont conformes \u00e0 toutes les r\u00e9glementations europ\u00e9ennes, allemandes et autrichiennes. Avec notre aide, vous pouvez facilement cr\u00e9er et convertir vos factures dans les formats XRechnung, ZUGFeRD, <a href=\"https:\/\/www.erechnung.gv.at\/erb\/en_GB\/tec_formats_ebinterface\" data-cke-saved-href=\"https:\/\/www.erechnung.gv.at\/erb\/en_GB\/tec_formats_ebinterface\">ebInterface<\/a> et bien d&#8217;autres.<\/p>\n","protected":false},"excerpt":{"rendered":"<p>La digitalisation modifie le quotidien des entreprises en Autriche. Un \u00e9l\u00e9ment central de cette transformation est la facture \u00e9lectronique, qui remplace l&#8217;\u00e9change de factures sur papier et offre de nombreux avantages tant pour les entreprises que pour les pouvoirs publics. La facturation \u00e9lectronique est-elle possible en Autriche ? La r\u00e9ponse courte est oui. Un certain [&hellip;]<\/p>\n","protected":false},"author":172,"featured_media":716969,"comment_status":"closed","ping_status":"closed","sticky":false,"template":"","format":"standard","meta":{"_acf_changed":false,"_et_pb_use_builder":"","_et_pb_old_content":"","_et_gb_content_width":"","footnotes":""},"categories":[32142,32330],"tags":[],"class_list":["post-718422","post","type-post","status-publish","format-standard","has-post-thumbnail","hentry","category-e-invoicing-5","category-e-invoicing-fr"],"acf":[],"yoast_head":"<!-- This site is optimized with the Yoast SEO Premium plugin v26.1 (Yoast SEO v26.1.1) - https:\/\/yoast.com\/wordpress\/plugins\/seo\/ -->\n<title>L&#039;avenir de la facturation \u00e9lectronique en Autriche - SPS Commerce<\/title>\n<meta name=\"robots\" content=\"noindex, nofollow\" \/>\n<meta property=\"og:locale\" content=\"fr_FR\" \/>\n<meta property=\"og:type\" content=\"article\" \/>\n<meta property=\"og:title\" content=\"L&#039;avenir de la facturation \u00e9lectronique en Autriche\" \/>\n<meta property=\"og:description\" content=\"La digitalisation modifie le quotidien des entreprises en Autriche. Un \u00e9l\u00e9ment central de cette transformation est la facture \u00e9lectronique, qui remplace l&#8217;\u00e9change de factures sur papier et offre de nombreux avantages tant pour les entreprises que pour les pouvoirs publics. La facturation \u00e9lectronique est-elle possible en Autriche ? La r\u00e9ponse courte est oui. Un certain [&hellip;]\" \/>\n<meta property=\"og:url\" content=\"https:\/\/www.spscommerce.com\/fr\/blog\/lavenir-de-la-facturation-electronique-en-autriche\/\" \/>\n<meta property=\"og:site_name\" content=\"SPS Commerce\" \/>\n<meta property=\"article:publisher\" content=\"https:\/\/www.facebook.com\/pages\/SPS-Commerce\/115540161807561\" \/>\n<meta property=\"article:published_time\" content=\"2024-07-15T14:00:42+00:00\" \/>\n<meta property=\"article:modified_time\" content=\"2025-07-09T12:40:27+00:00\" \/>\n<meta property=\"og:image\" content=\"https:\/\/www.spscommerce.com\/wp-content\/uploads\/2024\/08\/Austria_SPS_Website_2024.jpg\" \/>\n\t<meta property=\"og:image:width\" content=\"1200\" \/>\n\t<meta property=\"og:image:height\" content=\"800\" \/>\n\t<meta property=\"og:image:type\" content=\"image\/jpeg\" \/>\n<meta name=\"author\" content=\"Timo de Geest\" \/>\n<meta name=\"twitter:card\" content=\"summary_large_image\" \/>\n<meta name=\"twitter:creator\" content=\"@SPS_Commerce\" \/>\n<meta name=\"twitter:site\" content=\"@SPS_Commerce\" \/>\n<script type=\"application\/ld+json\" class=\"yoast-schema-graph\">{\"@context\":\"https:\/\/schema.org\",\"@graph\":[{\"@type\":\"Article\",\"@id\":\"https:\/\/www.spscommerce.com\/fr\/blog\/lavenir-de-la-facturation-electronique-en-autriche\/#article\",\"isPartOf\":{\"@id\":\"https:\/\/www.spscommerce.com\/fr\/blog\/lavenir-de-la-facturation-electronique-en-autriche\/\"},\"author\":{\"name\":\"Timo de Geest\",\"@id\":\"https:\/\/www.spscommerce.com\/fr\/#\/schema\/person\/8f6cea9191cfee306afe86a5d377a04a\"},\"headline\":\"L&#8217;avenir de la facturation \u00e9lectronique en Autriche\",\"datePublished\":\"2024-07-15T14:00:42+00:00\",\"dateModified\":\"2025-07-09T12:40:27+00:00\",\"mainEntityOfPage\":{\"@id\":\"https:\/\/www.spscommerce.com\/fr\/blog\/lavenir-de-la-facturation-electronique-en-autriche\/\"},\"wordCount\":943,\"publisher\":{\"@id\":\"https:\/\/www.spscommerce.com\/fr\/#organization\"},\"image\":{\"@id\":\"https:\/\/www.spscommerce.com\/fr\/blog\/lavenir-de-la-facturation-electronique-en-autriche\/#primaryimage\"},\"thumbnailUrl\":\"https:\/\/www.spscommerce.com\/wp-content\/uploads\/2024\/08\/Austria_SPS_Website_2024.jpg\",\"articleSection\":[\"E-invoicing\",\"E-invoicing\"],\"inLanguage\":\"fr-FR\"},{\"@type\":\"WebPage\",\"@id\":\"https:\/\/www.spscommerce.com\/fr\/blog\/lavenir-de-la-facturation-electronique-en-autriche\/\",\"url\":\"https:\/\/www.spscommerce.com\/fr\/blog\/lavenir-de-la-facturation-electronique-en-autriche\/\",\"name\":\"L'avenir de la facturation \u00e9lectronique en Autriche - SPS Commerce\",\"isPartOf\":{\"@id\":\"https:\/\/www.spscommerce.com\/fr\/#website\"},\"primaryImageOfPage\":{\"@id\":\"https:\/\/www.spscommerce.com\/fr\/blog\/lavenir-de-la-facturation-electronique-en-autriche\/#primaryimage\"},\"image\":{\"@id\":\"https:\/\/www.spscommerce.com\/fr\/blog\/lavenir-de-la-facturation-electronique-en-autriche\/#primaryimage\"},\"thumbnailUrl\":\"https:\/\/www.spscommerce.com\/wp-content\/uploads\/2024\/08\/Austria_SPS_Website_2024.jpg\",\"datePublished\":\"2024-07-15T14:00:42+00:00\",\"dateModified\":\"2025-07-09T12:40:27+00:00\",\"breadcrumb\":{\"@id\":\"https:\/\/www.spscommerce.com\/fr\/blog\/lavenir-de-la-facturation-electronique-en-autriche\/#breadcrumb\"},\"inLanguage\":\"fr-FR\",\"potentialAction\":[{\"@type\":\"ReadAction\",\"target\":[\"https:\/\/www.spscommerce.com\/fr\/blog\/lavenir-de-la-facturation-electronique-en-autriche\/\"]}]},{\"@type\":\"ImageObject\",\"inLanguage\":\"fr-FR\",\"@id\":\"https:\/\/www.spscommerce.com\/fr\/blog\/lavenir-de-la-facturation-electronique-en-autriche\/#primaryimage\",\"url\":\"https:\/\/www.spscommerce.com\/wp-content\/uploads\/2024\/08\/Austria_SPS_Website_2024.jpg\",\"contentUrl\":\"https:\/\/www.spscommerce.com\/wp-content\/uploads\/2024\/08\/Austria_SPS_Website_2024.jpg\",\"width\":1200,\"height\":800},{\"@type\":\"BreadcrumbList\",\"@id\":\"https:\/\/www.spscommerce.com\/fr\/blog\/lavenir-de-la-facturation-electronique-en-autriche\/#breadcrumb\",\"itemListElement\":[{\"@type\":\"ListItem\",\"position\":1,\"name\":\"Home\",\"item\":\"https:\/\/www.spscommerce.com\/fr\/\"},{\"@type\":\"ListItem\",\"position\":2,\"name\":\"L&#8217;avenir de la facturation \u00e9lectronique en Autriche\"}]},{\"@type\":\"WebSite\",\"@id\":\"https:\/\/www.spscommerce.com\/fr\/#website\",\"url\":\"https:\/\/www.spscommerce.com\/fr\/\",\"name\":\"SPS Commerce\",\"description\":\"\",\"publisher\":{\"@id\":\"https:\/\/www.spscommerce.com\/fr\/#organization\"},\"potentialAction\":[{\"@type\":\"SearchAction\",\"target\":{\"@type\":\"EntryPoint\",\"urlTemplate\":\"https:\/\/www.spscommerce.com\/fr\/?s={search_term_string}\"},\"query-input\":{\"@type\":\"PropertyValueSpecification\",\"valueRequired\":true,\"valueName\":\"search_term_string\"}}],\"inLanguage\":\"fr-FR\"},{\"@type\":\"Organization\",\"@id\":\"https:\/\/www.spscommerce.com\/fr\/#organization\",\"name\":\"SPS Commerce\",\"url\":\"https:\/\/www.spscommerce.com\/fr\/\",\"logo\":{\"@type\":\"ImageObject\",\"inLanguage\":\"fr-FR\",\"@id\":\"https:\/\/www.spscommerce.com\/fr\/#\/schema\/logo\/image\/\",\"url\":\"https:\/\/www.spscommerce.com\/wp-content\/uploads\/2017\/09\/logo-with-tag1.png\",\"contentUrl\":\"https:\/\/www.spscommerce.com\/wp-content\/uploads\/2017\/09\/logo-with-tag1.png\",\"width\":400,\"height\":110,\"caption\":\"SPS Commerce\"},\"image\":{\"@id\":\"https:\/\/www.spscommerce.com\/fr\/#\/schema\/logo\/image\/\"},\"sameAs\":[\"https:\/\/www.facebook.com\/pages\/SPS-Commerce\/115540161807561\",\"https:\/\/x.com\/SPS_Commerce\",\"https:\/\/www.linkedin.com\/company\/sps-commerce\/\",\"https:\/\/www.youtube.com\/user\/SPSCommerce\"]},{\"@type\":\"Person\",\"@id\":\"https:\/\/www.spscommerce.com\/fr\/#\/schema\/person\/8f6cea9191cfee306afe86a5d377a04a\",\"name\":\"Timo de Geest\",\"image\":{\"@type\":\"ImageObject\",\"inLanguage\":\"fr-FR\",\"@id\":\"https:\/\/www.spscommerce.com\/fr\/#\/schema\/person\/image\/\",\"url\":\"https:\/\/secure.gravatar.com\/avatar\/1126db71e6e84c8d07fcf13561076c56eefe1fd0105d8240cbb8add79dfc23b5?s=96&d=mm&r=g\",\"contentUrl\":\"https:\/\/secure.gravatar.com\/avatar\/1126db71e6e84c8d07fcf13561076c56eefe1fd0105d8240cbb8add79dfc23b5?s=96&d=mm&r=g\",\"caption\":\"Timo de Geest\"},\"sameAs\":[\"http:\/\/www.spscommerce.com\",\"https:\/\/www.linkedin.com\/in\/timodegeest\/\"],\"url\":\"https:\/\/www.spscommerce.com\/fr\/blog\/author\/tdegeestspscommerce-com\/\"}]}<\/script>\n<!-- \/ Yoast SEO Premium plugin. -->","yoast_head_json":{"title":"L'avenir de la facturation \u00e9lectronique en Autriche - SPS Commerce","robots":{"index":"noindex","follow":"nofollow"},"og_locale":"fr_FR","og_type":"article","og_title":"L'avenir de la facturation \u00e9lectronique en Autriche","og_description":"La digitalisation modifie le quotidien des entreprises en Autriche. Un \u00e9l\u00e9ment central de cette transformation est la facture \u00e9lectronique, qui remplace l&#8217;\u00e9change de factures sur papier et offre de nombreux avantages tant pour les entreprises que pour les pouvoirs publics. La facturation \u00e9lectronique est-elle possible en Autriche ? La r\u00e9ponse courte est oui. Un certain [&hellip;]","og_url":"https:\/\/www.spscommerce.com\/fr\/blog\/lavenir-de-la-facturation-electronique-en-autriche\/","og_site_name":"SPS Commerce","article_publisher":"https:\/\/www.facebook.com\/pages\/SPS-Commerce\/115540161807561","article_published_time":"2024-07-15T14:00:42+00:00","article_modified_time":"2025-07-09T12:40:27+00:00","og_image":[{"width":1200,"height":800,"url":"https:\/\/www.spscommerce.com\/wp-content\/uploads\/2024\/08\/Austria_SPS_Website_2024.jpg","type":"image\/jpeg"}],"author":"Timo de Geest","twitter_card":"summary_large_image","twitter_creator":"@SPS_Commerce","twitter_site":"@SPS_Commerce","schema":{"@context":"https:\/\/schema.org","@graph":[{"@type":"Article","@id":"https:\/\/www.spscommerce.com\/fr\/blog\/lavenir-de-la-facturation-electronique-en-autriche\/#article","isPartOf":{"@id":"https:\/\/www.spscommerce.com\/fr\/blog\/lavenir-de-la-facturation-electronique-en-autriche\/"},"author":{"name":"Timo de Geest","@id":"https:\/\/www.spscommerce.com\/fr\/#\/schema\/person\/8f6cea9191cfee306afe86a5d377a04a"},"headline":"L&#8217;avenir de la facturation \u00e9lectronique en Autriche","datePublished":"2024-07-15T14:00:42+00:00","dateModified":"2025-07-09T12:40:27+00:00","mainEntityOfPage":{"@id":"https:\/\/www.spscommerce.com\/fr\/blog\/lavenir-de-la-facturation-electronique-en-autriche\/"},"wordCount":943,"publisher":{"@id":"https:\/\/www.spscommerce.com\/fr\/#organization"},"image":{"@id":"https:\/\/www.spscommerce.com\/fr\/blog\/lavenir-de-la-facturation-electronique-en-autriche\/#primaryimage"},"thumbnailUrl":"https:\/\/www.spscommerce.com\/wp-content\/uploads\/2024\/08\/Austria_SPS_Website_2024.jpg","articleSection":["E-invoicing","E-invoicing"],"inLanguage":"fr-FR"},{"@type":"WebPage","@id":"https:\/\/www.spscommerce.com\/fr\/blog\/lavenir-de-la-facturation-electronique-en-autriche\/","url":"https:\/\/www.spscommerce.com\/fr\/blog\/lavenir-de-la-facturation-electronique-en-autriche\/","name":"L'avenir de la facturation \u00e9lectronique en Autriche - SPS Commerce","isPartOf":{"@id":"https:\/\/www.spscommerce.com\/fr\/#website"},"primaryImageOfPage":{"@id":"https:\/\/www.spscommerce.com\/fr\/blog\/lavenir-de-la-facturation-electronique-en-autriche\/#primaryimage"},"image":{"@id":"https:\/\/www.spscommerce.com\/fr\/blog\/lavenir-de-la-facturation-electronique-en-autriche\/#primaryimage"},"thumbnailUrl":"https:\/\/www.spscommerce.com\/wp-content\/uploads\/2024\/08\/Austria_SPS_Website_2024.jpg","datePublished":"2024-07-15T14:00:42+00:00","dateModified":"2025-07-09T12:40:27+00:00","breadcrumb":{"@id":"https:\/\/www.spscommerce.com\/fr\/blog\/lavenir-de-la-facturation-electronique-en-autriche\/#breadcrumb"},"inLanguage":"fr-FR","potentialAction":[{"@type":"ReadAction","target":["https:\/\/www.spscommerce.com\/fr\/blog\/lavenir-de-la-facturation-electronique-en-autriche\/"]}]},{"@type":"ImageObject","inLanguage":"fr-FR","@id":"https:\/\/www.spscommerce.com\/fr\/blog\/lavenir-de-la-facturation-electronique-en-autriche\/#primaryimage","url":"https:\/\/www.spscommerce.com\/wp-content\/uploads\/2024\/08\/Austria_SPS_Website_2024.jpg","contentUrl":"https:\/\/www.spscommerce.com\/wp-content\/uploads\/2024\/08\/Austria_SPS_Website_2024.jpg","width":1200,"height":800},{"@type":"BreadcrumbList","@id":"https:\/\/www.spscommerce.com\/fr\/blog\/lavenir-de-la-facturation-electronique-en-autriche\/#breadcrumb","itemListElement":[{"@type":"ListItem","position":1,"name":"Home","item":"https:\/\/www.spscommerce.com\/fr\/"},{"@type":"ListItem","position":2,"name":"L&#8217;avenir de la facturation \u00e9lectronique en Autriche"}]},{"@type":"WebSite","@id":"https:\/\/www.spscommerce.com\/fr\/#website","url":"https:\/\/www.spscommerce.com\/fr\/","name":"SPS Commerce","description":"","publisher":{"@id":"https:\/\/www.spscommerce.com\/fr\/#organization"},"potentialAction":[{"@type":"SearchAction","target":{"@type":"EntryPoint","urlTemplate":"https:\/\/www.spscommerce.com\/fr\/?s={search_term_string}"},"query-input":{"@type":"PropertyValueSpecification","valueRequired":true,"valueName":"search_term_string"}}],"inLanguage":"fr-FR"},{"@type":"Organization","@id":"https:\/\/www.spscommerce.com\/fr\/#organization","name":"SPS Commerce","url":"https:\/\/www.spscommerce.com\/fr\/","logo":{"@type":"ImageObject","inLanguage":"fr-FR","@id":"https:\/\/www.spscommerce.com\/fr\/#\/schema\/logo\/image\/","url":"https:\/\/www.spscommerce.com\/wp-content\/uploads\/2017\/09\/logo-with-tag1.png","contentUrl":"https:\/\/www.spscommerce.com\/wp-content\/uploads\/2017\/09\/logo-with-tag1.png","width":400,"height":110,"caption":"SPS Commerce"},"image":{"@id":"https:\/\/www.spscommerce.com\/fr\/#\/schema\/logo\/image\/"},"sameAs":["https:\/\/www.facebook.com\/pages\/SPS-Commerce\/115540161807561","https:\/\/x.com\/SPS_Commerce","https:\/\/www.linkedin.com\/company\/sps-commerce\/","https:\/\/www.youtube.com\/user\/SPSCommerce"]},{"@type":"Person","@id":"https:\/\/www.spscommerce.com\/fr\/#\/schema\/person\/8f6cea9191cfee306afe86a5d377a04a","name":"Timo de Geest","image":{"@type":"ImageObject","inLanguage":"fr-FR","@id":"https:\/\/www.spscommerce.com\/fr\/#\/schema\/person\/image\/","url":"https:\/\/secure.gravatar.com\/avatar\/1126db71e6e84c8d07fcf13561076c56eefe1fd0105d8240cbb8add79dfc23b5?s=96&d=mm&r=g","contentUrl":"https:\/\/secure.gravatar.com\/avatar\/1126db71e6e84c8d07fcf13561076c56eefe1fd0105d8240cbb8add79dfc23b5?s=96&d=mm&r=g","caption":"Timo de Geest"},"sameAs":["http:\/\/www.spscommerce.com","https:\/\/www.linkedin.com\/in\/timodegeest\/"],"url":"https:\/\/www.spscommerce.com\/fr\/blog\/author\/tdegeestspscommerce-com\/"}]}},"_links":{"self":[{"href":"https:\/\/www.spscommerce.com\/fr\/wp-json\/wp\/v2\/posts\/718422","targetHints":{"allow":["GET"]}}],"collection":[{"href":"https:\/\/www.spscommerce.com\/fr\/wp-json\/wp\/v2\/posts"}],"about":[{"href":"https:\/\/www.spscommerce.com\/fr\/wp-json\/wp\/v2\/types\/post"}],"author":[{"embeddable":true,"href":"https:\/\/www.spscommerce.com\/fr\/wp-json\/wp\/v2\/users\/172"}],"replies":[{"embeddable":true,"href":"https:\/\/www.spscommerce.com\/fr\/wp-json\/wp\/v2\/comments?post=718422"}],"version-history":[{"count":3,"href":"https:\/\/www.spscommerce.com\/fr\/wp-json\/wp\/v2\/posts\/718422\/revisions"}],"predecessor-version":[{"id":722384,"href":"https:\/\/www.spscommerce.com\/fr\/wp-json\/wp\/v2\/posts\/718422\/revisions\/722384"}],"wp:featuredmedia":[{"embeddable":true,"href":"https:\/\/www.spscommerce.com\/fr\/wp-json\/wp\/v2\/media\/716969"}],"wp:attachment":[{"href":"https:\/\/www.spscommerce.com\/fr\/wp-json\/wp\/v2\/media?parent=718422"}],"wp:term":[{"taxonomy":"category","embeddable":true,"href":"https:\/\/www.spscommerce.com\/fr\/wp-json\/wp\/v2\/categories?post=718422"},{"taxonomy":"post_tag","embeddable":true,"href":"https:\/\/www.spscommerce.com\/fr\/wp-json\/wp\/v2\/tags?post=718422"}],"curies":[{"name":"wp","href":"https:\/\/api.w.org\/{rel}","templated":true}]}}