{"id":717595,"date":"2024-02-13T11:41:20","date_gmt":"2024-02-13T17:41:20","guid":{"rendered":"https:\/\/www.spscommerce.com\/?p=717595"},"modified":"2025-07-09T07:36:12","modified_gmt":"2025-07-09T12:36:12","slug":"quest-ce-que-le-standard-saf-t-et-ou-est-il-utilise-en-europe","status":"publish","type":"post","link":"https:\/\/www.spscommerce.com\/fr\/blog\/quest-ce-que-le-standard-saf-t-et-ou-est-il-utilise-en-europe\/","title":{"rendered":"Qu&#8217;est-ce que le standard SAF-T et o\u00f9 est-il utilis\u00e9 en Europe ?"},"content":{"rendered":"<p>Vous avez entendu dire que SAF-T gagne du terrain dans les pays de l&#8217;UE, mais vous ne savez rien de cette norme ? Dans ce blog, nous allons vous expliquer ce qu&#8217;est SAF-T.<\/p>\n<h2><strong>Qu&#8217;est-ce que SAF-T ?<\/strong><\/h2>\n<p>SAF-T (Standard Audit File for Tax), est une norme internationale pour l&#8217;\u00e9change \u00e9lectronique de donn\u00e9es comptables fiables entre les entreprises et une autorit\u00e9 fiscale ou un auditeur externe. L&#8217;objectif du syst\u00e8me SAF-T est de faciliter et de rationaliser le processus de contr\u00f4le fiscal par les autorit\u00e9s fiscales et de r\u00e9duire la charge administrative qui p\u00e8se sur les entreprises.<\/p>\n<p>Le format SAF-T comprend des structures de donn\u00e9es normalis\u00e9es qui repr\u00e9sentent les documents comptables d&#8217;une entreprise, tels que les \u00e9critures du grand livre, les coordonn\u00e9es des clients et des fournisseurs, les factures, les paiements, etc. En demandant aux entreprises de d\u00e9clarer leurs donn\u00e9es comptables de mani\u00e8re coh\u00e9rente, les autorit\u00e9s fiscales peuvent analyser plus efficacement les donn\u00e9es \u00e0 des fins de conformit\u00e9 et d&#8217;audit.<\/p>\n<p>Plusieurs pays ont adopt\u00e9 ou adapt\u00e9 la norme SAF-T dans le cadre de leur r\u00e9glementation fiscale (par exemple, la Hongrie, la Lituanie, la Norv\u00e8ge, le Portugal et la Roumanie), exigeant des entreprises qu&#8217;elles g\u00e9n\u00e8rent et fournissent des donn\u00e9es dans ce format \u00e0 la demande des autorit\u00e9s fiscales. Chaque pays peut avoir ses propres exigences ou variantes du fichier SAF-T, sur la base des <a href=\"https:\/\/www.oecd.org\/fr\/ctp\/latestdocuments\/\">lignes directrices de l&#8217;OCDE<\/a>.<\/p>\n<h2><strong>SAF-T dans diff\u00e9rents pays europ\u00e9ens<\/strong><\/h2>\n<p>Bien qu&#8217;il ne soit pas encore obligatoire dans l&#8217;ensemble de l&#8217;Union Europ\u00e9enne, le syst\u00e8me SAF-T a gagn\u00e9 en popularit\u00e9 dans plusieurs \u00c9tats membres, chacun le mettant en \u0153uvre avec ses propres nuances :<\/p>\n<h4><strong>Pologne<\/strong><\/h4>\n<p>Le <a href=\"https:\/\/www.verband-e-rechnung.org\/archiv\/fachartikel\/e-invoicing-in-der-eu-saf-t-in-polen\/\">KSeF<\/a> deviendra obligatoire pour les assujettis \u00e0 partir de juillet 2024 et, \u00e0 partir de janvier 2025, \u00e9galement pour ceux qui b\u00e9n\u00e9ficient de l&#8217;exon\u00e9ration sp\u00e9cifique de la taxe de vente. \u00c0 partir de cette date, KSeF ne sera utilis\u00e9 que pour les documents structur\u00e9s dans le cadre de la facturation \u00e9lectronique. \u00c0 l&#8217;avenir, seules des donn\u00e9es s\u00e9lectionn\u00e9es seront transmises \u00e0 l&#8217;administration fiscale au moyen de SAF-T, contrairement \u00e0 ce qui se passe en Italie, par exemple, o\u00f9 la facture compl\u00e8te avec toutes les donn\u00e9es est envoy\u00e9e \u00e0 l&#8217;administration.<\/p>\n<h4><strong>Hongrie<\/strong><\/h4>\n<p>La Hongrie a commenc\u00e9 sa transition pour SAF-T fin 2019 lorsque les autorit\u00e9s fiscales locales (NAV) ont publi\u00e9 une proposition visant \u00e0 introduire une structure SAF-T. Initialement, l&#8217;introduction de SAF-T devait avoir lieu en 2021, mais elle a \u00e9t\u00e9 report\u00e9e en raison de la pand\u00e9mie de COVID-19.<\/p>\n<p>Le <a href=\"https:\/\/www.linkedin.com\/pulse\/hungary-introduces-saf-t-ridvan-yigit\/\">SAF-T hongrois<\/a> est divis\u00e9 en plusieurs structures couvrant divers domaines de la finance et de la comptabilit\u00e9 des contribuables. Ce mod\u00e8le est similaire au SAF-T polonais (JPK), bien que le SAF-T HU comporte davantage de structures diff\u00e9rentes. NAV souligne qu&#8217;une telle conception simplifiera la g\u00e9n\u00e9ration de fichiers SAF-T \u00e0 partir de diff\u00e9rentes sources, telles que les syst\u00e8mes ERP, les syst\u00e8mes d&#8217;entrep\u00f4t, les syst\u00e8mes de facturation, etc.<\/p>\n<h4><strong>Lituanie<\/strong><\/h4>\n<p>En tant qu&#8217;\u00c9tat membre de l&#8217;Union Europ\u00e9enne, la Lituanie utilise le syst\u00e8me de TVA, qui est un \u00e9l\u00e9ment fondamental de sa structure \u00e9conomique. \u00c0 partir de 2024, le taux de TVA standard en Lituanie sera de 21 %. Notez que la Lituanie applique trois taux de TVA r\u00e9duits de 9 %, 5 % et 0 %, qui s&#8217;appliquent \u00e0 des biens et services sp\u00e9cifiques.<\/p>\n<h4><strong>Roumanie<\/strong><\/h4>\n<p>La <a href=\"https:\/\/www.pwc.ro\/en\/pwc-romania-digital\/tax-technology\/saf-t.html\">Roumanie<\/a> a introduit l&#8217;obligation de d\u00e9claration SAF-T \u00e0 partir du 1er janvier 2022 pour les entit\u00e9s juridiques roumaines et les entit\u00e9s non juridiques roumaines de soci\u00e9t\u00e9s \u00e9trang\u00e8res utilisant le syst\u00e8me de comptabilit\u00e9 en partie double, ainsi que pour les soci\u00e9t\u00e9s non-r\u00e9sidentes enregistr\u00e9es \u00e0 des fins de TVA en Roumanie.<\/p>\n<h4><strong>Autriche<\/strong><\/h4>\n<p>L&#8217;Autriche a mis en \u0153uvre sa version de SAF-T en 2009. Il s&#8217;agit d&#8217;une analyse au niveau de la transaction (XML Schema Definition (XSD)) des donn\u00e9es comptables et fiscales dans un sch\u00e9ma standard pour permettre un transfert facile et efficace des donn\u00e9es aux autorit\u00e9s fiscales.<\/p>\n<p>L&#8217;Autriche a introduit le fichier d&#8217;audit fiscal standard (SAF-T) le 31 janvier 2009. Actuellement, le SAF-T autrichien n&#8217;est exig\u00e9 par les autorit\u00e9s fiscales que sur demande, g\u00e9n\u00e9ralement avant un contr\u00f4le de la TVA par le minist\u00e8re f\u00e9d\u00e9ral autrichien des finances. La nouvelle version du fichier d&#8217;audit fiscal standard de l&#8217;OCDE (SAF-T) a \u00e9t\u00e9 r\u00e9introduite et devrait \u00eatre mise en \u0153uvre \u00e0 partir de mars 2024.<\/p>\n<h4><strong>Portugal<\/strong><\/h4>\n<p>Le fichier\u00a0SAF-T accounting\u00a0entrera en vigueur en 2025 et permettra \u00e0 l&#8217;administration fiscale de pr\u00e9-remplir l&#8217;IES (Information Simplifi\u00e9e sur les Entreprises). Ce fichier devait initialement \u00eatre livr\u00e9 en 2024, mais a \u00e9t\u00e9 \u00e0 nouveau report\u00e9, ce qui signifie que les entreprises ont plus de temps pour se pr\u00e9parer \u00e0 cette obligation.<\/p>\n<h4><strong>Norv\u00e8ge<\/strong><\/h4>\n<p>Les op\u00e9rateurs \u00e9trangers exer\u00e7ant des activit\u00e9s imposables et\/ou soumises \u00e0 la TVA en <a href=\"https:\/\/blogg.pwc.no\/skattebloggen-en\/what-do-you-need-to-know-about-saf-t-accounting-if-you-run-a-business-in-norway-from-abroad-with-or-without-a-vat-representative\">Norv\u00e8ge<\/a> doivent tenir une comptabilit\u00e9 conform\u00e9ment \u00e0 la loi sur la comptabilit\u00e9 (Bookkeeping Act). L&#8217;obligation de tenir une comptabilit\u00e9 SAF-T s&#8217;applique ind\u00e9pendamment du fait qu&#8217;une soci\u00e9t\u00e9 ait ou non l&#8217;obligation de s&#8217;inscrire au registre de la TVA avec un repr\u00e9sentant. Cela inclut \u00e9galement l&#8217;exigence que les informations comptables soient disponibles sous une forme standardis\u00e9e, connue sous le nom de comptabilit\u00e9 SAF-T.<\/p>\n<h2><strong>SAF-T pour les entreprises : b\u00e9n\u00e9diction ou mal\u00e9diction ?<\/strong><\/h2>\n<p>SAF-T peut contribuer de mani\u00e8re significative \u00e0 l&#8217;am\u00e9lioration de la conformit\u00e9 fiscale et de l&#8217;efficacit\u00e9 des entreprises. Voici quelques-uns des avantages que SAF-T apporte aux entreprises :<\/p>\n<ul>\n<li>R\u00e9duction de la charge administrative : Fin des soumissions manuelles des donn\u00e9es, ce qui permet de gagner du temps et d&#8217;\u00e9conomiser des ressources.<\/li>\n<li>Am\u00e9lioration de la pr\u00e9cision : le format standardis\u00e9 minimise les erreurs et les incoh\u00e9rences des donn\u00e9es.<\/li>\n<li>Transparence accrue : Une communication plus claire avec les autorit\u00e9s fiscales favorise la confiance et la collaboration.<\/li>\n<li>Des audits simplifi\u00e9s : La facilit\u00e9 d&#8217;acc\u00e8s aux donn\u00e9es pour les autorit\u00e9s permet des contr\u00f4les plus rapides et moins intrusifs.<\/li>\n<\/ul>\n<p>SAF-T repr\u00e9sente une \u00e9tape importante vers un syst\u00e8me fiscal plus harmonis\u00e9 et plus efficace au sein de l&#8217;UE. M\u00eame si des d\u00e9fis subsistent, les avantages pour les entreprises et les autorit\u00e9s sont ind\u00e9niables. Avec les progr\u00e8s technologiques et les efforts d&#8217;harmonisation, SAF-T est en passe de devenir la pierre angulaire de la future conformit\u00e9 fiscale de l&#8217;UE.<\/p>\n<p>Cependant, les entreprises ne peuvent ignorer les d\u00e9fis et les co\u00fbts associ\u00e9s \u00e0 sa mise en \u0153uvre. En fin de compte, le fait que SAF-T soit une b\u00e9n\u00e9diction ou une mal\u00e9diction d\u00e9pend de la situation de chaque entreprise, de son \u00e9tat de pr\u00e9paration et de sa capacit\u00e9 \u00e0 s&#8217;adapter au nouveau format.<\/p>\n","protected":false},"excerpt":{"rendered":"<p>Vous avez entendu dire que SAF-T gagne du terrain dans les pays de l&#8217;UE, mais vous ne savez rien de cette norme ? Dans ce blog, nous allons vous expliquer ce qu&#8217;est SAF-T. Qu&#8217;est-ce que SAF-T ? SAF-T (Standard Audit File for Tax), est une norme internationale pour l&#8217;\u00e9change \u00e9lectronique de donn\u00e9es comptables fiables entre [&hellip;]<\/p>\n","protected":false},"author":174,"featured_media":720380,"comment_status":"closed","ping_status":"closed","sticky":false,"template":"","format":"standard","meta":{"_acf_changed":false,"_et_pb_use_builder":"","_et_pb_old_content":"","_et_gb_content_width":"","sfsi_plus_gutenberg_text_before_share":"","sfsi_plus_gutenberg_show_text_before_share":"","sfsi_plus_gutenberg_icon_type":"","sfsi_plus_gutenberg_icon_alignemt":"","sfsi_plus_gutenburg_max_per_row":"","footnotes":""},"categories":[32142,32162],"tags":[],"class_list":["post-717595","post","type-post","status-publish","format-standard","has-post-thumbnail","hentry","category-e-invoicing-5","category-e-invoicing-2-fr"],"acf":[],"yoast_head":"<!-- This site is optimized with the Yoast SEO Premium plugin v26.1 (Yoast SEO v26.1.1) - https:\/\/yoast.com\/wordpress\/plugins\/seo\/ -->\n<title>Qu&#039;est-ce que le standard SAF-T et o\u00f9 est-il utilis\u00e9 en Europe ? - SPS Commerce<\/title>\n<meta name=\"description\" content=\"Vous avez entendu dire que SAF-T gagne du terrain dans les pays de l&#039;UE, mais vous ne savez rien de cette norme ? Dans ce blog, nous allons vous expliquer ce qu&#039;est SAF-T.\" \/>\n<meta name=\"robots\" content=\"noindex, nofollow\" \/>\n<meta property=\"og:locale\" content=\"fr_FR\" \/>\n<meta property=\"og:type\" content=\"article\" \/>\n<meta property=\"og:title\" content=\"Qu&#039;est-ce que le standard SAF-T et o\u00f9 est-il utilis\u00e9 en Europe ?\" \/>\n<meta property=\"og:description\" content=\"Vous avez entendu dire que SAF-T gagne du terrain dans les pays de l&#039;UE, mais vous ne savez rien de cette norme ? Dans ce blog, nous allons vous expliquer ce qu&#039;est SAF-T.\" \/>\n<meta property=\"og:url\" content=\"https:\/\/www.spscommerce.com\/fr\/blog\/quest-ce-que-le-standard-saf-t-et-ou-est-il-utilise-en-europe\/\" \/>\n<meta property=\"og:site_name\" content=\"SPS Commerce\" \/>\n<meta property=\"article:publisher\" content=\"https:\/\/www.facebook.com\/pages\/SPS-Commerce\/115540161807561\" \/>\n<meta property=\"article:published_time\" content=\"2024-02-13T17:41:20+00:00\" \/>\n<meta property=\"article:modified_time\" content=\"2025-07-09T12:36:12+00:00\" \/>\n<meta property=\"og:image\" content=\"https:\/\/www.spscommerce.com\/wp-content\/uploads\/2024\/09\/What-saf-t-and-where-it-used-europe_SPS_Website_2024.jpg\" \/>\n\t<meta property=\"og:image:width\" content=\"1200\" \/>\n\t<meta property=\"og:image:height\" content=\"800\" \/>\n\t<meta property=\"og:image:type\" content=\"image\/jpeg\" \/>\n<meta name=\"author\" content=\"Aleksandra Vovchenko\" \/>\n<meta name=\"twitter:card\" content=\"summary_large_image\" \/>\n<meta name=\"twitter:creator\" content=\"@SPS_Commerce\" \/>\n<meta name=\"twitter:site\" content=\"@SPS_Commerce\" \/>\n<script type=\"application\/ld+json\" class=\"yoast-schema-graph\">{\"@context\":\"https:\/\/schema.org\",\"@graph\":[{\"@type\":\"Article\",\"@id\":\"https:\/\/www.spscommerce.com\/fr\/blog\/quest-ce-que-le-standard-saf-t-et-ou-est-il-utilise-en-europe\/#article\",\"isPartOf\":{\"@id\":\"https:\/\/www.spscommerce.com\/fr\/blog\/quest-ce-que-le-standard-saf-t-et-ou-est-il-utilise-en-europe\/\"},\"author\":{\"name\":\"Aleksandra Vovchenko\",\"@id\":\"https:\/\/www.spscommerce.com\/fr\/#\/schema\/person\/1d74a11a408afcf12c01544f7bcca174\"},\"headline\":\"Qu&#8217;est-ce que le standard SAF-T et o\u00f9 est-il utilis\u00e9 en Europe ?\",\"datePublished\":\"2024-02-13T17:41:20+00:00\",\"dateModified\":\"2025-07-09T12:36:12+00:00\",\"mainEntityOfPage\":{\"@id\":\"https:\/\/www.spscommerce.com\/fr\/blog\/quest-ce-que-le-standard-saf-t-et-ou-est-il-utilise-en-europe\/\"},\"wordCount\":1172,\"publisher\":{\"@id\":\"https:\/\/www.spscommerce.com\/fr\/#organization\"},\"image\":{\"@id\":\"https:\/\/www.spscommerce.com\/fr\/blog\/quest-ce-que-le-standard-saf-t-et-ou-est-il-utilise-en-europe\/#primaryimage\"},\"thumbnailUrl\":\"https:\/\/www.spscommerce.com\/wp-content\/uploads\/2024\/09\/What-saf-t-and-where-it-used-europe_SPS_Website_2024.jpg\",\"articleSection\":[\"E-invoicing\",\"E-invoicing\"],\"inLanguage\":\"fr-FR\"},{\"@type\":\"WebPage\",\"@id\":\"https:\/\/www.spscommerce.com\/fr\/blog\/quest-ce-que-le-standard-saf-t-et-ou-est-il-utilise-en-europe\/\",\"url\":\"https:\/\/www.spscommerce.com\/fr\/blog\/quest-ce-que-le-standard-saf-t-et-ou-est-il-utilise-en-europe\/\",\"name\":\"Qu'est-ce que le standard SAF-T et o\u00f9 est-il utilis\u00e9 en Europe ? - SPS Commerce\",\"isPartOf\":{\"@id\":\"https:\/\/www.spscommerce.com\/fr\/#website\"},\"primaryImageOfPage\":{\"@id\":\"https:\/\/www.spscommerce.com\/fr\/blog\/quest-ce-que-le-standard-saf-t-et-ou-est-il-utilise-en-europe\/#primaryimage\"},\"image\":{\"@id\":\"https:\/\/www.spscommerce.com\/fr\/blog\/quest-ce-que-le-standard-saf-t-et-ou-est-il-utilise-en-europe\/#primaryimage\"},\"thumbnailUrl\":\"https:\/\/www.spscommerce.com\/wp-content\/uploads\/2024\/09\/What-saf-t-and-where-it-used-europe_SPS_Website_2024.jpg\",\"datePublished\":\"2024-02-13T17:41:20+00:00\",\"dateModified\":\"2025-07-09T12:36:12+00:00\",\"description\":\"Vous avez entendu dire que SAF-T gagne du terrain dans les pays de l'UE, mais vous ne savez rien de cette norme ? Dans ce blog, nous allons vous expliquer ce qu'est SAF-T.\",\"breadcrumb\":{\"@id\":\"https:\/\/www.spscommerce.com\/fr\/blog\/quest-ce-que-le-standard-saf-t-et-ou-est-il-utilise-en-europe\/#breadcrumb\"},\"inLanguage\":\"fr-FR\",\"potentialAction\":[{\"@type\":\"ReadAction\",\"target\":[\"https:\/\/www.spscommerce.com\/fr\/blog\/quest-ce-que-le-standard-saf-t-et-ou-est-il-utilise-en-europe\/\"]}]},{\"@type\":\"ImageObject\",\"inLanguage\":\"fr-FR\",\"@id\":\"https:\/\/www.spscommerce.com\/fr\/blog\/quest-ce-que-le-standard-saf-t-et-ou-est-il-utilise-en-europe\/#primaryimage\",\"url\":\"https:\/\/www.spscommerce.com\/wp-content\/uploads\/2024\/09\/What-saf-t-and-where-it-used-europe_SPS_Website_2024.jpg\",\"contentUrl\":\"https:\/\/www.spscommerce.com\/wp-content\/uploads\/2024\/09\/What-saf-t-and-where-it-used-europe_SPS_Website_2024.jpg\",\"width\":1200,\"height\":800},{\"@type\":\"BreadcrumbList\",\"@id\":\"https:\/\/www.spscommerce.com\/fr\/blog\/quest-ce-que-le-standard-saf-t-et-ou-est-il-utilise-en-europe\/#breadcrumb\",\"itemListElement\":[{\"@type\":\"ListItem\",\"position\":1,\"name\":\"Home\",\"item\":\"https:\/\/www.spscommerce.com\/fr\/\"},{\"@type\":\"ListItem\",\"position\":2,\"name\":\"Qu&#8217;est-ce que le standard SAF-T et o\u00f9 est-il utilis\u00e9 en Europe ?\"}]},{\"@type\":\"WebSite\",\"@id\":\"https:\/\/www.spscommerce.com\/fr\/#website\",\"url\":\"https:\/\/www.spscommerce.com\/fr\/\",\"name\":\"SPS Commerce\",\"description\":\"\",\"publisher\":{\"@id\":\"https:\/\/www.spscommerce.com\/fr\/#organization\"},\"potentialAction\":[{\"@type\":\"SearchAction\",\"target\":{\"@type\":\"EntryPoint\",\"urlTemplate\":\"https:\/\/www.spscommerce.com\/fr\/?s={search_term_string}\"},\"query-input\":{\"@type\":\"PropertyValueSpecification\",\"valueRequired\":true,\"valueName\":\"search_term_string\"}}],\"inLanguage\":\"fr-FR\"},{\"@type\":\"Organization\",\"@id\":\"https:\/\/www.spscommerce.com\/fr\/#organization\",\"name\":\"SPS Commerce\",\"url\":\"https:\/\/www.spscommerce.com\/fr\/\",\"logo\":{\"@type\":\"ImageObject\",\"inLanguage\":\"fr-FR\",\"@id\":\"https:\/\/www.spscommerce.com\/fr\/#\/schema\/logo\/image\/\",\"url\":\"https:\/\/www.spscommerce.com\/wp-content\/uploads\/2017\/09\/logo-with-tag1.png\",\"contentUrl\":\"https:\/\/www.spscommerce.com\/wp-content\/uploads\/2017\/09\/logo-with-tag1.png\",\"width\":400,\"height\":110,\"caption\":\"SPS Commerce\"},\"image\":{\"@id\":\"https:\/\/www.spscommerce.com\/fr\/#\/schema\/logo\/image\/\"},\"sameAs\":[\"https:\/\/www.facebook.com\/pages\/SPS-Commerce\/115540161807561\",\"https:\/\/x.com\/SPS_Commerce\",\"https:\/\/www.linkedin.com\/company\/sps-commerce\/\",\"https:\/\/www.youtube.com\/user\/SPSCommerce\"]},{\"@type\":\"Person\",\"@id\":\"https:\/\/www.spscommerce.com\/fr\/#\/schema\/person\/1d74a11a408afcf12c01544f7bcca174\",\"name\":\"Aleksandra Vovchenko\",\"image\":{\"@type\":\"ImageObject\",\"inLanguage\":\"fr-FR\",\"@id\":\"https:\/\/www.spscommerce.com\/fr\/#\/schema\/person\/image\/\",\"url\":\"https:\/\/secure.gravatar.com\/avatar\/d35eed8e18e88690088d1c3f34854abaf6d77f1bd5fe76dcac83b449a5ae59a1?s=96&d=mm&r=g\",\"contentUrl\":\"https:\/\/secure.gravatar.com\/avatar\/d35eed8e18e88690088d1c3f34854abaf6d77f1bd5fe76dcac83b449a5ae59a1?s=96&d=mm&r=g\",\"caption\":\"Aleksandra Vovchenko\"},\"description\":\"Aleksandra is a Marketing Specialist at SPS Commerce, responsible for marketing strategies for the DACH region. She has a special interest in product marketing and marketing analysis, and is an active contributor to the SPS Commerce blog. Her inspiration is to encourage organizations to go paperless and promote sustainable business practices.\",\"url\":\"https:\/\/www.spscommerce.com\/fr\/blog\/author\/avovchenkospscommerce-com\/\"}]}<\/script>\n<!-- \/ Yoast SEO Premium plugin. -->","yoast_head_json":{"title":"Qu'est-ce que le standard SAF-T et o\u00f9 est-il utilis\u00e9 en Europe ? - SPS Commerce","description":"Vous avez entendu dire que SAF-T gagne du terrain dans les pays de l'UE, mais vous ne savez rien de cette norme ? Dans ce blog, nous allons vous expliquer ce qu'est SAF-T.","robots":{"index":"noindex","follow":"nofollow"},"og_locale":"fr_FR","og_type":"article","og_title":"Qu'est-ce que le standard SAF-T et o\u00f9 est-il utilis\u00e9 en Europe ?","og_description":"Vous avez entendu dire que SAF-T gagne du terrain dans les pays de l'UE, mais vous ne savez rien de cette norme ? Dans ce blog, nous allons vous expliquer ce qu'est SAF-T.","og_url":"https:\/\/www.spscommerce.com\/fr\/blog\/quest-ce-que-le-standard-saf-t-et-ou-est-il-utilise-en-europe\/","og_site_name":"SPS Commerce","article_publisher":"https:\/\/www.facebook.com\/pages\/SPS-Commerce\/115540161807561","article_published_time":"2024-02-13T17:41:20+00:00","article_modified_time":"2025-07-09T12:36:12+00:00","og_image":[{"width":1200,"height":800,"url":"https:\/\/www.spscommerce.com\/wp-content\/uploads\/2024\/09\/What-saf-t-and-where-it-used-europe_SPS_Website_2024.jpg","type":"image\/jpeg"}],"author":"Aleksandra Vovchenko","twitter_card":"summary_large_image","twitter_creator":"@SPS_Commerce","twitter_site":"@SPS_Commerce","schema":{"@context":"https:\/\/schema.org","@graph":[{"@type":"Article","@id":"https:\/\/www.spscommerce.com\/fr\/blog\/quest-ce-que-le-standard-saf-t-et-ou-est-il-utilise-en-europe\/#article","isPartOf":{"@id":"https:\/\/www.spscommerce.com\/fr\/blog\/quest-ce-que-le-standard-saf-t-et-ou-est-il-utilise-en-europe\/"},"author":{"name":"Aleksandra Vovchenko","@id":"https:\/\/www.spscommerce.com\/fr\/#\/schema\/person\/1d74a11a408afcf12c01544f7bcca174"},"headline":"Qu&#8217;est-ce que le standard SAF-T et o\u00f9 est-il utilis\u00e9 en Europe ?","datePublished":"2024-02-13T17:41:20+00:00","dateModified":"2025-07-09T12:36:12+00:00","mainEntityOfPage":{"@id":"https:\/\/www.spscommerce.com\/fr\/blog\/quest-ce-que-le-standard-saf-t-et-ou-est-il-utilise-en-europe\/"},"wordCount":1172,"publisher":{"@id":"https:\/\/www.spscommerce.com\/fr\/#organization"},"image":{"@id":"https:\/\/www.spscommerce.com\/fr\/blog\/quest-ce-que-le-standard-saf-t-et-ou-est-il-utilise-en-europe\/#primaryimage"},"thumbnailUrl":"https:\/\/www.spscommerce.com\/wp-content\/uploads\/2024\/09\/What-saf-t-and-where-it-used-europe_SPS_Website_2024.jpg","articleSection":["E-invoicing","E-invoicing"],"inLanguage":"fr-FR"},{"@type":"WebPage","@id":"https:\/\/www.spscommerce.com\/fr\/blog\/quest-ce-que-le-standard-saf-t-et-ou-est-il-utilise-en-europe\/","url":"https:\/\/www.spscommerce.com\/fr\/blog\/quest-ce-que-le-standard-saf-t-et-ou-est-il-utilise-en-europe\/","name":"Qu'est-ce que le standard SAF-T et o\u00f9 est-il utilis\u00e9 en Europe ? - SPS Commerce","isPartOf":{"@id":"https:\/\/www.spscommerce.com\/fr\/#website"},"primaryImageOfPage":{"@id":"https:\/\/www.spscommerce.com\/fr\/blog\/quest-ce-que-le-standard-saf-t-et-ou-est-il-utilise-en-europe\/#primaryimage"},"image":{"@id":"https:\/\/www.spscommerce.com\/fr\/blog\/quest-ce-que-le-standard-saf-t-et-ou-est-il-utilise-en-europe\/#primaryimage"},"thumbnailUrl":"https:\/\/www.spscommerce.com\/wp-content\/uploads\/2024\/09\/What-saf-t-and-where-it-used-europe_SPS_Website_2024.jpg","datePublished":"2024-02-13T17:41:20+00:00","dateModified":"2025-07-09T12:36:12+00:00","description":"Vous avez entendu dire que SAF-T gagne du terrain dans les pays de l'UE, mais vous ne savez rien de cette norme ? Dans ce blog, nous allons vous expliquer ce qu'est SAF-T.","breadcrumb":{"@id":"https:\/\/www.spscommerce.com\/fr\/blog\/quest-ce-que-le-standard-saf-t-et-ou-est-il-utilise-en-europe\/#breadcrumb"},"inLanguage":"fr-FR","potentialAction":[{"@type":"ReadAction","target":["https:\/\/www.spscommerce.com\/fr\/blog\/quest-ce-que-le-standard-saf-t-et-ou-est-il-utilise-en-europe\/"]}]},{"@type":"ImageObject","inLanguage":"fr-FR","@id":"https:\/\/www.spscommerce.com\/fr\/blog\/quest-ce-que-le-standard-saf-t-et-ou-est-il-utilise-en-europe\/#primaryimage","url":"https:\/\/www.spscommerce.com\/wp-content\/uploads\/2024\/09\/What-saf-t-and-where-it-used-europe_SPS_Website_2024.jpg","contentUrl":"https:\/\/www.spscommerce.com\/wp-content\/uploads\/2024\/09\/What-saf-t-and-where-it-used-europe_SPS_Website_2024.jpg","width":1200,"height":800},{"@type":"BreadcrumbList","@id":"https:\/\/www.spscommerce.com\/fr\/blog\/quest-ce-que-le-standard-saf-t-et-ou-est-il-utilise-en-europe\/#breadcrumb","itemListElement":[{"@type":"ListItem","position":1,"name":"Home","item":"https:\/\/www.spscommerce.com\/fr\/"},{"@type":"ListItem","position":2,"name":"Qu&#8217;est-ce que le standard SAF-T et o\u00f9 est-il utilis\u00e9 en Europe ?"}]},{"@type":"WebSite","@id":"https:\/\/www.spscommerce.com\/fr\/#website","url":"https:\/\/www.spscommerce.com\/fr\/","name":"SPS Commerce","description":"","publisher":{"@id":"https:\/\/www.spscommerce.com\/fr\/#organization"},"potentialAction":[{"@type":"SearchAction","target":{"@type":"EntryPoint","urlTemplate":"https:\/\/www.spscommerce.com\/fr\/?s={search_term_string}"},"query-input":{"@type":"PropertyValueSpecification","valueRequired":true,"valueName":"search_term_string"}}],"inLanguage":"fr-FR"},{"@type":"Organization","@id":"https:\/\/www.spscommerce.com\/fr\/#organization","name":"SPS Commerce","url":"https:\/\/www.spscommerce.com\/fr\/","logo":{"@type":"ImageObject","inLanguage":"fr-FR","@id":"https:\/\/www.spscommerce.com\/fr\/#\/schema\/logo\/image\/","url":"https:\/\/www.spscommerce.com\/wp-content\/uploads\/2017\/09\/logo-with-tag1.png","contentUrl":"https:\/\/www.spscommerce.com\/wp-content\/uploads\/2017\/09\/logo-with-tag1.png","width":400,"height":110,"caption":"SPS Commerce"},"image":{"@id":"https:\/\/www.spscommerce.com\/fr\/#\/schema\/logo\/image\/"},"sameAs":["https:\/\/www.facebook.com\/pages\/SPS-Commerce\/115540161807561","https:\/\/x.com\/SPS_Commerce","https:\/\/www.linkedin.com\/company\/sps-commerce\/","https:\/\/www.youtube.com\/user\/SPSCommerce"]},{"@type":"Person","@id":"https:\/\/www.spscommerce.com\/fr\/#\/schema\/person\/1d74a11a408afcf12c01544f7bcca174","name":"Aleksandra Vovchenko","image":{"@type":"ImageObject","inLanguage":"fr-FR","@id":"https:\/\/www.spscommerce.com\/fr\/#\/schema\/person\/image\/","url":"https:\/\/secure.gravatar.com\/avatar\/d35eed8e18e88690088d1c3f34854abaf6d77f1bd5fe76dcac83b449a5ae59a1?s=96&d=mm&r=g","contentUrl":"https:\/\/secure.gravatar.com\/avatar\/d35eed8e18e88690088d1c3f34854abaf6d77f1bd5fe76dcac83b449a5ae59a1?s=96&d=mm&r=g","caption":"Aleksandra Vovchenko"},"description":"Aleksandra is a Marketing Specialist at SPS Commerce, responsible for marketing strategies for the DACH region. She has a special interest in product marketing and marketing analysis, and is an active contributor to the SPS Commerce blog. Her inspiration is to encourage organizations to go paperless and promote sustainable business practices.","url":"https:\/\/www.spscommerce.com\/fr\/blog\/author\/avovchenkospscommerce-com\/"}]}},"_links":{"self":[{"href":"https:\/\/www.spscommerce.com\/fr\/wp-json\/wp\/v2\/posts\/717595","targetHints":{"allow":["GET"]}}],"collection":[{"href":"https:\/\/www.spscommerce.com\/fr\/wp-json\/wp\/v2\/posts"}],"about":[{"href":"https:\/\/www.spscommerce.com\/fr\/wp-json\/wp\/v2\/types\/post"}],"author":[{"embeddable":true,"href":"https:\/\/www.spscommerce.com\/fr\/wp-json\/wp\/v2\/users\/174"}],"replies":[{"embeddable":true,"href":"https:\/\/www.spscommerce.com\/fr\/wp-json\/wp\/v2\/comments?post=717595"}],"version-history":[{"count":4,"href":"https:\/\/www.spscommerce.com\/fr\/wp-json\/wp\/v2\/posts\/717595\/revisions"}],"predecessor-version":[{"id":721766,"href":"https:\/\/www.spscommerce.com\/fr\/wp-json\/wp\/v2\/posts\/717595\/revisions\/721766"}],"wp:featuredmedia":[{"embeddable":true,"href":"https:\/\/www.spscommerce.com\/fr\/wp-json\/wp\/v2\/media\/720380"}],"wp:attachment":[{"href":"https:\/\/www.spscommerce.com\/fr\/wp-json\/wp\/v2\/media?parent=717595"}],"wp:term":[{"taxonomy":"category","embeddable":true,"href":"https:\/\/www.spscommerce.com\/fr\/wp-json\/wp\/v2\/categories?post=717595"},{"taxonomy":"post_tag","embeddable":true,"href":"https:\/\/www.spscommerce.com\/fr\/wp-json\/wp\/v2\/tags?post=717595"}],"curies":[{"name":"wp","href":"https:\/\/api.w.org\/{rel}","templated":true}]}}